{"id":1911,"date":"2022-09-27T07:47:21","date_gmt":"2022-09-27T07:47:21","guid":{"rendered":"https:\/\/www.leszkft.hu\/wordpress\/?p=1911"},"modified":"2022-09-27T07:47:21","modified_gmt":"2022-09-27T07:47:21","slug":"nepszamlalas-2022-tajekoztato","status":"publish","type":"post","link":"https:\/\/www.leszkft.hu\/wordpress\/2022\/09\/nepszamlalas-2022-tajekoztato\/","title":{"rendered":"N\u00e9psz\u00e1ml\u00e1l\u00e1s 2022 t\u00e1j\u00e9koztat\u00f3"},"content":{"rendered":"<p><strong>Tisztelt Tulajdonosok\/Lak\u00f3k!<\/strong><\/p>\n<p>A K\u00f6zponti Statisztikai Hivatal (KSH) <strong>2022. okt\u00f3ber 1. \u00e9s november 28<\/strong>.<strong> k\u00f6z\u00f6tt<\/strong> n\u00e9psz\u00e1ml\u00e1l\u00e1st hajt v\u00e9gre. A t\u00edz\u00e9vente v\u00e9gzett teljes k\u00f6r\u0171 n\u00e9p- \u00e9s lak\u00e1ssz\u00e1ml\u00e1l\u00e1s kiemelt fontoss\u00e1g\u00fa, mert eredm\u00e9nyei a k\u00f6zvetlen k\u00f6rnyezet\u00fcnk, a telep\u00fcl\u00e9s\u00fcnk \u00e9s az eg\u00e9sz orsz\u00e1g j\u00f6v\u0151j\u00e9t meghat\u00e1roz\u00f3 d\u00f6nt\u00e9sek megalapoz\u00e1s\u00e1hoz ny\u00fajtanak seg\u00edts\u00e9get, \u00edgy mindannyiunk \u00e9let\u00e9re kihatnak. Fontos, hogy a k\u00f6z\u00f6ss\u00e9g\u00fcnket \u00e9rint\u0151 d\u00f6nt\u00e9sek val\u00f3s adatok alapj\u00e1n sz\u00fclethessenek meg, ez\u00e9rt a KSH k\u00e9ri haz\u00e1nk minden lakos\u00e1nak egy\u00fcttm\u0171k\u00f6d\u00e9s\u00e9t a n\u00e9psz\u00e1ml\u00e1l\u00e1s sikeres v\u00e9grehajt\u00e1s\u00e1ban.<\/p>\n<p>Szeptember 26. \u00e9s 30. k\u00f6z\u00f6tt a KSH postai levelet k\u00fcld az orsz\u00e1gban tal\u00e1lhat\u00f3 minden lakc\u00edmre, amely t\u00e1j\u00e9koztat\u00e1st ad a n\u00e9psz\u00e1ml\u00e1l\u00e1sr\u00f3l \u00e9s tartalmazza az internetes v\u00e1laszad\u00e1shoz sz\u00fcks\u00e9ges 12 jegy\u0171 bel\u00e9p\u00e9si k\u00f3dot. Az internetes kit\u00f6lt\u00e9sre <strong>okt\u00f3ber 1. \u00e9s 16. k\u00f6z\u00f6tt<\/strong> lesz lehet\u0151s\u00e9g, ezt k\u00f6vet\u0151en azokat a h\u00e1ztart\u00e1sokat, amelyek nem \u00e9ltek az internetes kit\u00f6lt\u00e9s lehet\u0151s\u00e9g\u00e9vel, sz\u00e1ml\u00e1l\u00f3biztosok keresik fel.<\/p>\n<p>A t\u00e1rsash\u00e1zakba a levelek h\u00e1zsz\u00e1m szintig megc\u00edmezve, teh\u00e1t emelet \u00e9s ajt\u00f3sz\u00e1m jel\u00f6l\u00e9se n\u00e9lk\u00fcl \u00e9rkeznek, ez\u00e9rt fontos, hogy a lak\u00f3k a c\u00edm\u00fcket pontosan, emelet, ajt\u00f3 szintig adj\u00e1k meg az k\u00e9rd\u0151\u00edv kit\u00f6lt\u00e9se sor\u00e1n. Ez alapj\u00e1n lehet majd l\u00e1tni, honnan \u00e9rkezett be interneten k\u00e9rd\u0151\u00edv. Ezeket a lakc\u00edmeket sz\u00e1ml\u00e1l\u00f3biztos nem fogja felkeresni.<\/p>\n<p>Okt\u00f3ber 16. ut\u00e1n, a sz\u00e1ml\u00e1l\u00f3biztos seg\u00edts\u00e9g\u00e9vel t\u00f6rt\u00e9n\u0151 kit\u00f6lt\u00e9s sor\u00e1n szint\u00e9n elengedhetetlen, hogy az egyes lakc\u00edmeken pontosan beazonos\u00edthat\u00f3 legyen a h\u00e1zsz\u00e1m, az emelet \u00e9s az ajt\u00f3sz\u00e1m. Ez alapj\u00e1n fogja a sz\u00e1ml\u00e1l\u00f3biztos felkeresni azokat a lakc\u00edmeket, ahonnan nem \u00e9rkezett be interneten k\u00e9rd\u0151\u00edv.<\/p>\n<p><strong>A lak\u00f3k\u00f6z\u00f6ss\u00e9g figyelm\u00e9t a KSH t\u00e1j\u00e9koztat\u00f3ja alapj\u00e1n felh\u00edvjuk, hogy az emelet \u00e9s ajt\u00f3sz\u00e1mok pontos felt\u00fcntet\u00e9s\u00e9re a bej\u00e1rati ajt\u00f3kon, postal\u00e1d\u00e1kon. K\u00e9rj\u00fck kattintson a plak\u00e1t megtekint\u00e9s\u00e9hez:<\/strong><\/p>\n<p><a href=\"https:\/\/www.leszkft.hu\/wordpress\/wp-content\/uploads\/2022\/09\/plakatksh.jpg\" target=\"_blank\" rel=\"noopener\"><img loading=\"lazy\" decoding=\"async\" class=\"aligncenter wp-image-1912 size-medium\" src=\"https:\/\/www.leszkft.hu\/wordpress\/wp-content\/uploads\/2022\/09\/plakatksh-213x300.jpg\" alt=\"\" width=\"213\" height=\"300\" srcset=\"https:\/\/www.leszkft.hu\/wordpress\/wp-content\/uploads\/2022\/09\/plakatksh-213x300.jpg 213w, https:\/\/www.leszkft.hu\/wordpress\/wp-content\/uploads\/2022\/09\/plakatksh.jpg 623w\" sizes=\"auto, (max-width: 213px) 100vw, 213px\" \/><\/a><\/p>\n","protected":false},"excerpt":{"rendered":"<p>Tisztelt Tulajdonosok\/Lak\u00f3k! A K\u00f6zponti Statisztikai Hivatal (KSH) 2022. okt\u00f3ber 1. \u00e9s november 28. k\u00f6z\u00f6tt n\u00e9psz\u00e1ml\u00e1l\u00e1st hajt v\u00e9gre. A t\u00edz\u00e9vente v\u00e9gzett teljes k\u00f6r\u0171 n\u00e9p- \u00e9s lak\u00e1ssz\u00e1ml\u00e1l\u00e1s kiemelt fontoss\u00e1g\u00fa, mert eredm\u00e9nyei a k\u00f6zvetlen k\u00f6rnyezet\u00fcnk, a telep\u00fcl\u00e9s\u00fcnk \u00e9s az eg\u00e9sz orsz\u00e1g j\u00f6v\u0151j\u00e9t meghat\u00e1roz\u00f3 d\u00f6nt\u00e9sek megalapoz\u00e1s\u00e1hoz ny\u00fajtanak seg\u00edts\u00e9get, \u00edgy mindannyiunk \u00e9let\u00e9re kihatnak. Fontos, hogy a k\u00f6z\u00f6ss\u00e9g\u00fcnket \u00e9rint\u0151 d\u00f6nt\u00e9sek val\u00f3s &hellip; <a href=\"https:\/\/www.leszkft.hu\/wordpress\/2022\/09\/nepszamlalas-2022-tajekoztato\/\" class=\"more-link\">Tov\u00e1bb olvasom: <span class=\"screen-reader-text\">N\u00e9psz\u00e1ml\u00e1l\u00e1s 2022 t\u00e1j\u00e9koztat\u00f3<\/span><\/a><\/p>\n","protected":false},"author":1,"featured_media":0,"comment_status":"closed","ping_status":"open","sticky":false,"template":"","format":"standard","meta":{"footnotes":""},"categories":[11,28],"tags":[30],"class_list":["post-1911","post","type-post","status-publish","format-standard","hentry","category-hirek","category-tarsashazi-hirek","tag-ksh"],"_links":{"self":[{"href":"https:\/\/www.leszkft.hu\/wordpress\/wp-json\/wp\/v2\/posts\/1911","targetHints":{"allow":["GET"]}}],"collection":[{"href":"https:\/\/www.leszkft.hu\/wordpress\/wp-json\/wp\/v2\/posts"}],"about":[{"href":"https:\/\/www.leszkft.hu\/wordpress\/wp-json\/wp\/v2\/types\/post"}],"author":[{"embeddable":true,"href":"https:\/\/www.leszkft.hu\/wordpress\/wp-json\/wp\/v2\/users\/1"}],"replies":[{"embeddable":true,"href":"https:\/\/www.leszkft.hu\/wordpress\/wp-json\/wp\/v2\/comments?post=1911"}],"version-history":[{"count":0,"href":"https:\/\/www.leszkft.hu\/wordpress\/wp-json\/wp\/v2\/posts\/1911\/revisions"}],"wp:attachment":[{"href":"https:\/\/www.leszkft.hu\/wordpress\/wp-json\/wp\/v2\/media?parent=1911"}],"wp:term":[{"taxonomy":"category","embeddable":true,"href":"https:\/\/www.leszkft.hu\/wordpress\/wp-json\/wp\/v2\/categories?post=1911"},{"taxonomy":"post_tag","embeddable":true,"href":"https:\/\/www.leszkft.hu\/wordpress\/wp-json\/wp\/v2\/tags?post=1911"}],"curies":[{"name":"wp","href":"https:\/\/api.w.org\/{rel}","templated":true}]}}