{"id":2132,"date":"2024-04-03T07:31:43","date_gmt":"2024-04-03T07:31:43","guid":{"rendered":"https:\/\/www.leszkft.hu\/wordpress\/?p=2132"},"modified":"2024-04-03T07:31:43","modified_gmt":"2024-04-03T07:31:43","slug":"berelheto-onkormanyzati-garazsok-2-db","status":"publish","type":"post","link":"https:\/\/www.leszkft.hu\/wordpress\/2024\/04\/berelheto-onkormanyzati-garazsok-2-db\/","title":{"rendered":"B\u00e9relhet\u0151 \u00f6nkorm\u00e1nyzati gar\u00e1zsok (2 db)"},"content":{"rendered":"<p><span style=\"font-family: arial, helvetica, sans-serif; font-size: 12pt; color: #000000;\">A p\u00e1ly\u00e1zati felh\u00edv\u00e1s az al\u00e1bbiakban \u00e9rhet\u0151 el:<a style=\"color: #000000;\" href=\"http:\/\/www.leszkft.hu\/letolt\/nlc2107.pdf\" target=\"_blank\" rel=\"noopener\"><strong><a href=\"https:\/\/www.leszkft.hu\/wordpress\/wp-content\/uploads\/2024\/04\/nlc240417.pdf\" target=\"_blank\" rel=\"noopener\">Let\u00f6lthet\u0151 anyag<\/a>\u00a0<\/strong><\/a>(bead\u00e1si hat\u00e1rid\u0151: 2024. \u00e1prilis 16. 12.00 \u00f3ra). <\/span><span style=\"font-family: arial, helvetica, sans-serif; font-size: 12pt; color: #000000;\">A megtekint\u00e9si lehet\u0151s\u00e9gekr\u0151l sz\u00edveskedjenek \u00e9rdekl\u0151dni.<\/span><\/p>\n<p><img loading=\"lazy\" decoding=\"async\" class=\" wp-image-2133 aligncenter\" src=\"https:\/\/www.leszkft.hu\/wordpress\/wp-content\/uploads\/2024\/04\/garazsill-300x197.jpg\" alt=\"\" width=\"458\" height=\"301\" srcset=\"https:\/\/www.leszkft.hu\/wordpress\/wp-content\/uploads\/2024\/04\/garazsill-300x197.jpg 300w, https:\/\/www.leszkft.hu\/wordpress\/wp-content\/uploads\/2024\/04\/garazsill-768x503.jpg 768w, https:\/\/www.leszkft.hu\/wordpress\/wp-content\/uploads\/2024\/04\/garazsill-1024x671.jpg 1024w, https:\/\/www.leszkft.hu\/wordpress\/wp-content\/uploads\/2024\/04\/garazsill.jpg 1381w\" sizes=\"auto, (max-width: 458px) 100vw, 458px\" \/><\/p>\n","protected":false},"excerpt":{"rendered":"<p>A p\u00e1ly\u00e1zati felh\u00edv\u00e1s az al\u00e1bbiakban \u00e9rhet\u0151 el:Let\u00f6lthet\u0151 anyag\u00a0(bead\u00e1si hat\u00e1rid\u0151: 2024. \u00e1prilis 16. 12.00 \u00f3ra). A megtekint\u00e9si lehet\u0151s\u00e9gekr\u0151l sz\u00edveskedjenek \u00e9rdekl\u0151dni.<\/p>\n","protected":false},"author":1,"featured_media":0,"comment_status":"closed","ping_status":"open","sticky":false,"template":"","format":"standard","meta":{"footnotes":""},"categories":[11],"tags":[],"class_list":["post-2132","post","type-post","status-publish","format-standard","hentry","category-hirek"],"_links":{"self":[{"href":"https:\/\/www.leszkft.hu\/wordpress\/wp-json\/wp\/v2\/posts\/2132","targetHints":{"allow":["GET"]}}],"collection":[{"href":"https:\/\/www.leszkft.hu\/wordpress\/wp-json\/wp\/v2\/posts"}],"about":[{"href":"https:\/\/www.leszkft.hu\/wordpress\/wp-json\/wp\/v2\/types\/post"}],"author":[{"embeddable":true,"href":"https:\/\/www.leszkft.hu\/wordpress\/wp-json\/wp\/v2\/users\/1"}],"replies":[{"embeddable":true,"href":"https:\/\/www.leszkft.hu\/wordpress\/wp-json\/wp\/v2\/comments?post=2132"}],"version-history":[{"count":0,"href":"https:\/\/www.leszkft.hu\/wordpress\/wp-json\/wp\/v2\/posts\/2132\/revisions"}],"wp:attachment":[{"href":"https:\/\/www.leszkft.hu\/wordpress\/wp-json\/wp\/v2\/media?parent=2132"}],"wp:term":[{"taxonomy":"category","embeddable":true,"href":"https:\/\/www.leszkft.hu\/wordpress\/wp-json\/wp\/v2\/categories?post=2132"},{"taxonomy":"post_tag","embeddable":true,"href":"https:\/\/www.leszkft.hu\/wordpress\/wp-json\/wp\/v2\/tags?post=2132"}],"curies":[{"name":"wp","href":"https:\/\/api.w.org\/{rel}","templated":true}]}}